{"id":476,"date":"2010-11-28T17:52:12","date_gmt":"2010-11-28T17:52:12","guid":{"rendered":"http:\/\/danot.fr\/WordPress\/?p=476"},"modified":"2010-11-28T17:57:39","modified_gmt":"2010-11-28T17:57:39","slug":"el-vino-tinto","status":"publish","type":"post","link":"https:\/\/danot.fr\/WordPress\/?p=476","title":{"rendered":"El vino tinto"},"content":{"rendered":"<p>Aujourd&rsquo;hui nous avons \u00e9t\u00e9 au salon des vignerons ind\u00e9pendants. C&rsquo;est qu&rsquo;on veut les chouchouter nos convives. Alors on a d\u00fb donner de notre personne pour aller gouter les diff\u00e9rents vins.<a href=\"http:\/\/www.vigneron-independant.com\/\"><img loading=\"lazy\" decoding=\"async\" class=\"alignright\" title=\"Salon des vignerons\" src=\"http:\/\/www.vigneron-independant.com\/auxsalons\/images\/logo.jpg\" alt=\"\" width=\"279\" height=\"133\" \/><\/a><\/p>\n<p>Le salon est \u00e9norme, toutes les r\u00e9gions y sont repr\u00e9sent\u00e9es. C&rsquo;est litt\u00e9ralement impossible de tout gouter. Mais Christine et moi muni du verre offert \u00e0 l&rsquo;entr\u00e9e nous avons tent\u00e9 l&rsquo;aventure &#8230;. Et bien au bout de deux heures et 17 vins gout\u00e9s il a fallu arr\u00eater. Ben oui \u00e0 l&rsquo;entr\u00e9e y&rsquo;avait \u00e9crit \u00ab\u00a0D\u00e9guster c&rsquo;est cracher\u00a0\u00bb faut croire que nous sommes rentr\u00e9 trop vite. Il a fallu acheter un sandwich au rillettes de canard pour \u00e9ponger<\/p>\n<p>Donc nous avons en gros fait la moiti\u00e9 du salon et s\u00e9lectionn\u00e9 quelques vins. Maintenant on va les d\u00e9guster tranquillement \u00e0 la maison et peut \u00eatre faire notre choix.<\/p>\n<p>Qui ram\u00e8ne le sauciflard ? qui ram\u00e8ne la fromton ? on a le rouge \u00e0 la maison \ud83d\ude09<\/p>\n","protected":false},"excerpt":{"rendered":"<p>Aujourd&rsquo;hui nous avons \u00e9t\u00e9 au salon des vignerons ind\u00e9pendants. C&rsquo;est qu&rsquo;on veut les chouchouter nos convives. Alors on a d\u00fb donner de notre personne pour aller gouter les diff\u00e9rents vins. Le salon est \u00e9norme, toutes les r\u00e9gions y sont repr\u00e9sent\u00e9es. C&rsquo;est litt\u00e9ralement impossible de tout gouter. Mais Christine et moi muni du verre offert \u00e0 [&hellip;]<\/p>\n","protected":false},"author":1,"featured_media":0,"comment_status":"open","ping_status":"open","sticky":false,"template":"","format":"standard","meta":{"_jetpack_newsletter_access":"","_jetpack_dont_email_post_to_subs":false,"_jetpack_newsletter_tier_id":0,"_jetpack_memberships_contains_paywalled_content":false,"_jetpack_feature_clip_id":0,"_jetpack_memberships_contains_paid_content":false,"footnotes":"","jetpack_post_was_ever_published":false},"categories":[4],"tags":[],"class_list":["post-476","post","type-post","status-publish","format-standard","hentry","category-infos-mariage"],"yoast_head":"<!-- This site is optimized with the Yoast SEO plugin v28.0 - https:\/\/yoast.com\/product\/yoast-seo-wordpress\/ -->\n<title>El vino tinto - Christine et Yannick<\/title>\n<meta name=\"robots\" content=\"noindex, follow, max-snippet:-1, max-image-preview:large, max-video-preview:-1\" \/>\n<meta property=\"og:locale\" content=\"fr_FR\" \/>\n<meta property=\"og:type\" content=\"article\" \/>\n<meta property=\"og:title\" content=\"El vino tinto - Christine et Yannick\" \/>\n<meta property=\"og:description\" content=\"Aujourd&rsquo;hui nous avons \u00e9t\u00e9 au salon des vignerons ind\u00e9pendants. C&rsquo;est qu&rsquo;on veut les chouchouter nos convives. Alors on a d\u00fb donner de notre personne pour aller gouter les diff\u00e9rents vins. Le salon est \u00e9norme, toutes les r\u00e9gions y sont repr\u00e9sent\u00e9es. C&rsquo;est litt\u00e9ralement impossible de tout gouter. Mais Christine et moi muni du verre offert \u00e0 [&hellip;]\" \/>\n<meta property=\"og:url\" content=\"https:\/\/danot.fr\/WordPress\/?p=476\" \/>\n<meta property=\"og:site_name\" content=\"Christine et Yannick\" \/>\n<meta property=\"article:published_time\" content=\"2010-11-28T17:52:12+00:00\" \/>\n<meta property=\"article:modified_time\" content=\"2010-11-28T17:57:39+00:00\" \/>\n<meta property=\"og:image\" content=\"http:\/\/www.vigneron-independant.com\/auxsalons\/images\/logo.jpg\" \/>\n<meta name=\"author\" content=\"admin\" \/>\n<meta name=\"twitter:card\" content=\"summary_large_image\" \/>\n<meta name=\"twitter:label1\" content=\"\u00c9crit par\" \/>\n\t<meta name=\"twitter:data1\" content=\"admin\" \/>\n\t<meta name=\"twitter:label2\" content=\"Dur\u00e9e de lecture estim\u00e9e\" \/>\n\t<meta name=\"twitter:data2\" content=\"1 minute\" \/>\n<script type=\"application\/ld+json\" class=\"yoast-schema-graph\">{\"@context\":\"https:\\\/\\\/schema.org\",\"@graph\":[{\"@type\":\"Article\",\"@id\":\"https:\\\/\\\/danot.fr\\\/WordPress\\\/?p=476#article\",\"isPartOf\":{\"@id\":\"https:\\\/\\\/danot.fr\\\/WordPress\\\/?p=476\"},\"author\":{\"name\":\"admin\",\"@id\":\"https:\\\/\\\/danot.fr\\\/WordPress\\\/#\\\/schema\\\/person\\\/77c3da84be7db401a07c18e7742a23d7\"},\"headline\":\"El vino tinto\",\"datePublished\":\"2010-11-28T17:52:12+00:00\",\"dateModified\":\"2010-11-28T17:57:39+00:00\",\"mainEntityOfPage\":{\"@id\":\"https:\\\/\\\/danot.fr\\\/WordPress\\\/?p=476\"},\"wordCount\":171,\"commentCount\":1,\"image\":{\"@id\":\"https:\\\/\\\/danot.fr\\\/WordPress\\\/?p=476#primaryimage\"},\"thumbnailUrl\":\"http:\\\/\\\/www.vigneron-independant.com\\\/auxsalons\\\/images\\\/logo.jpg\",\"articleSection\":[\"Infos Mariage\"],\"inLanguage\":\"fr-FR\",\"potentialAction\":[{\"@type\":\"CommentAction\",\"name\":\"Comment\",\"target\":[\"https:\\\/\\\/danot.fr\\\/WordPress\\\/?p=476#respond\"]}]},{\"@type\":\"WebPage\",\"@id\":\"https:\\\/\\\/danot.fr\\\/WordPress\\\/?p=476\",\"url\":\"https:\\\/\\\/danot.fr\\\/WordPress\\\/?p=476\",\"name\":\"El vino tinto - Christine et Yannick\",\"isPartOf\":{\"@id\":\"https:\\\/\\\/danot.fr\\\/WordPress\\\/#website\"},\"primaryImageOfPage\":{\"@id\":\"https:\\\/\\\/danot.fr\\\/WordPress\\\/?p=476#primaryimage\"},\"image\":{\"@id\":\"https:\\\/\\\/danot.fr\\\/WordPress\\\/?p=476#primaryimage\"},\"thumbnailUrl\":\"http:\\\/\\\/www.vigneron-independant.com\\\/auxsalons\\\/images\\\/logo.jpg\",\"datePublished\":\"2010-11-28T17:52:12+00:00\",\"dateModified\":\"2010-11-28T17:57:39+00:00\",\"author\":{\"@id\":\"https:\\\/\\\/danot.fr\\\/WordPress\\\/#\\\/schema\\\/person\\\/77c3da84be7db401a07c18e7742a23d7\"},\"breadcrumb\":{\"@id\":\"https:\\\/\\\/danot.fr\\\/WordPress\\\/?p=476#breadcrumb\"},\"inLanguage\":\"fr-FR\",\"potentialAction\":[{\"@type\":\"ReadAction\",\"target\":[\"https:\\\/\\\/danot.fr\\\/WordPress\\\/?p=476\"]}]},{\"@type\":\"ImageObject\",\"inLanguage\":\"fr-FR\",\"@id\":\"https:\\\/\\\/danot.fr\\\/WordPress\\\/?p=476#primaryimage\",\"url\":\"http:\\\/\\\/www.vigneron-independant.com\\\/auxsalons\\\/images\\\/logo.jpg\",\"contentUrl\":\"http:\\\/\\\/www.vigneron-independant.com\\\/auxsalons\\\/images\\\/logo.jpg\"},{\"@type\":\"BreadcrumbList\",\"@id\":\"https:\\\/\\\/danot.fr\\\/WordPress\\\/?p=476#breadcrumb\",\"itemListElement\":[{\"@type\":\"ListItem\",\"position\":1,\"name\":\"Accueil\",\"item\":\"https:\\\/\\\/danot.fr\\\/WordPress\"},{\"@type\":\"ListItem\",\"position\":2,\"name\":\"El vino tinto\"}]},{\"@type\":\"WebSite\",\"@id\":\"https:\\\/\\\/danot.fr\\\/WordPress\\\/#website\",\"url\":\"https:\\\/\\\/danot.fr\\\/WordPress\\\/\",\"name\":\"Christine et Yannick\",\"description\":\"Le mariage est une si jolie id\u00e9e que celle de vouloir faire le voyage \u00e0 deux !\",\"potentialAction\":[{\"@type\":\"SearchAction\",\"target\":{\"@type\":\"EntryPoint\",\"urlTemplate\":\"https:\\\/\\\/danot.fr\\\/WordPress\\\/?s={search_term_string}\"},\"query-input\":{\"@type\":\"PropertyValueSpecification\",\"valueRequired\":true,\"valueName\":\"search_term_string\"}}],\"inLanguage\":\"fr-FR\"},{\"@type\":\"Person\",\"@id\":\"https:\\\/\\\/danot.fr\\\/WordPress\\\/#\\\/schema\\\/person\\\/77c3da84be7db401a07c18e7742a23d7\",\"name\":\"admin\",\"image\":{\"@type\":\"ImageObject\",\"inLanguage\":\"fr-FR\",\"@id\":\"https:\\\/\\\/secure.gravatar.com\\\/avatar\\\/74cde98f377897a694abf2f0a8625cc7f1c7b395145681727fa7171929d436c4?s=96&d=monsterid&r=g\",\"url\":\"https:\\\/\\\/secure.gravatar.com\\\/avatar\\\/74cde98f377897a694abf2f0a8625cc7f1c7b395145681727fa7171929d436c4?s=96&d=monsterid&r=g\",\"contentUrl\":\"https:\\\/\\\/secure.gravatar.com\\\/avatar\\\/74cde98f377897a694abf2f0a8625cc7f1c7b395145681727fa7171929d436c4?s=96&d=monsterid&r=g\",\"caption\":\"admin\"},\"url\":\"https:\\\/\\\/danot.fr\\\/WordPress\\\/?author=1\"}]}<\/script>\n<!-- \/ Yoast SEO plugin. -->","yoast_head_json":{"title":"El vino tinto - Christine et Yannick","robots":{"index":"noindex","follow":"follow","max-snippet":"max-snippet:-1","max-image-preview":"max-image-preview:large","max-video-preview":"max-video-preview:-1"},"og_locale":"fr_FR","og_type":"article","og_title":"El vino tinto - Christine et Yannick","og_description":"Aujourd&rsquo;hui nous avons \u00e9t\u00e9 au salon des vignerons ind\u00e9pendants. C&rsquo;est qu&rsquo;on veut les chouchouter nos convives. Alors on a d\u00fb donner de notre personne pour aller gouter les diff\u00e9rents vins. Le salon est \u00e9norme, toutes les r\u00e9gions y sont repr\u00e9sent\u00e9es. C&rsquo;est litt\u00e9ralement impossible de tout gouter. Mais Christine et moi muni du verre offert \u00e0 [&hellip;]","og_url":"https:\/\/danot.fr\/WordPress\/?p=476","og_site_name":"Christine et Yannick","article_published_time":"2010-11-28T17:52:12+00:00","article_modified_time":"2010-11-28T17:57:39+00:00","og_image":[{"url":"http:\/\/www.vigneron-independant.com\/auxsalons\/images\/logo.jpg","type":"","width":"","height":""}],"author":"admin","twitter_card":"summary_large_image","twitter_misc":{"\u00c9crit par":"admin","Dur\u00e9e de lecture estim\u00e9e":"1 minute"},"schema":{"@context":"https:\/\/schema.org","@graph":[{"@type":"Article","@id":"https:\/\/danot.fr\/WordPress\/?p=476#article","isPartOf":{"@id":"https:\/\/danot.fr\/WordPress\/?p=476"},"author":{"name":"admin","@id":"https:\/\/danot.fr\/WordPress\/#\/schema\/person\/77c3da84be7db401a07c18e7742a23d7"},"headline":"El vino tinto","datePublished":"2010-11-28T17:52:12+00:00","dateModified":"2010-11-28T17:57:39+00:00","mainEntityOfPage":{"@id":"https:\/\/danot.fr\/WordPress\/?p=476"},"wordCount":171,"commentCount":1,"image":{"@id":"https:\/\/danot.fr\/WordPress\/?p=476#primaryimage"},"thumbnailUrl":"http:\/\/www.vigneron-independant.com\/auxsalons\/images\/logo.jpg","articleSection":["Infos Mariage"],"inLanguage":"fr-FR","potentialAction":[{"@type":"CommentAction","name":"Comment","target":["https:\/\/danot.fr\/WordPress\/?p=476#respond"]}]},{"@type":"WebPage","@id":"https:\/\/danot.fr\/WordPress\/?p=476","url":"https:\/\/danot.fr\/WordPress\/?p=476","name":"El vino tinto - Christine et Yannick","isPartOf":{"@id":"https:\/\/danot.fr\/WordPress\/#website"},"primaryImageOfPage":{"@id":"https:\/\/danot.fr\/WordPress\/?p=476#primaryimage"},"image":{"@id":"https:\/\/danot.fr\/WordPress\/?p=476#primaryimage"},"thumbnailUrl":"http:\/\/www.vigneron-independant.com\/auxsalons\/images\/logo.jpg","datePublished":"2010-11-28T17:52:12+00:00","dateModified":"2010-11-28T17:57:39+00:00","author":{"@id":"https:\/\/danot.fr\/WordPress\/#\/schema\/person\/77c3da84be7db401a07c18e7742a23d7"},"breadcrumb":{"@id":"https:\/\/danot.fr\/WordPress\/?p=476#breadcrumb"},"inLanguage":"fr-FR","potentialAction":[{"@type":"ReadAction","target":["https:\/\/danot.fr\/WordPress\/?p=476"]}]},{"@type":"ImageObject","inLanguage":"fr-FR","@id":"https:\/\/danot.fr\/WordPress\/?p=476#primaryimage","url":"http:\/\/www.vigneron-independant.com\/auxsalons\/images\/logo.jpg","contentUrl":"http:\/\/www.vigneron-independant.com\/auxsalons\/images\/logo.jpg"},{"@type":"BreadcrumbList","@id":"https:\/\/danot.fr\/WordPress\/?p=476#breadcrumb","itemListElement":[{"@type":"ListItem","position":1,"name":"Accueil","item":"https:\/\/danot.fr\/WordPress"},{"@type":"ListItem","position":2,"name":"El vino tinto"}]},{"@type":"WebSite","@id":"https:\/\/danot.fr\/WordPress\/#website","url":"https:\/\/danot.fr\/WordPress\/","name":"Christine et Yannick","description":"Le mariage est une si jolie id\u00e9e que celle de vouloir faire le voyage \u00e0 deux !","potentialAction":[{"@type":"SearchAction","target":{"@type":"EntryPoint","urlTemplate":"https:\/\/danot.fr\/WordPress\/?s={search_term_string}"},"query-input":{"@type":"PropertyValueSpecification","valueRequired":true,"valueName":"search_term_string"}}],"inLanguage":"fr-FR"},{"@type":"Person","@id":"https:\/\/danot.fr\/WordPress\/#\/schema\/person\/77c3da84be7db401a07c18e7742a23d7","name":"admin","image":{"@type":"ImageObject","inLanguage":"fr-FR","@id":"https:\/\/secure.gravatar.com\/avatar\/74cde98f377897a694abf2f0a8625cc7f1c7b395145681727fa7171929d436c4?s=96&d=monsterid&r=g","url":"https:\/\/secure.gravatar.com\/avatar\/74cde98f377897a694abf2f0a8625cc7f1c7b395145681727fa7171929d436c4?s=96&d=monsterid&r=g","contentUrl":"https:\/\/secure.gravatar.com\/avatar\/74cde98f377897a694abf2f0a8625cc7f1c7b395145681727fa7171929d436c4?s=96&d=monsterid&r=g","caption":"admin"},"url":"https:\/\/danot.fr\/WordPress\/?author=1"}]}},"jetpack_featured_media_url":"","jetpack_sharing_enabled":true,"_links":{"self":[{"href":"https:\/\/danot.fr\/WordPress\/index.php?rest_route=\/wp\/v2\/posts\/476","targetHints":{"allow":["GET"]}}],"collection":[{"href":"https:\/\/danot.fr\/WordPress\/index.php?rest_route=\/wp\/v2\/posts"}],"about":[{"href":"https:\/\/danot.fr\/WordPress\/index.php?rest_route=\/wp\/v2\/types\/post"}],"author":[{"embeddable":true,"href":"https:\/\/danot.fr\/WordPress\/index.php?rest_route=\/wp\/v2\/users\/1"}],"replies":[{"embeddable":true,"href":"https:\/\/danot.fr\/WordPress\/index.php?rest_route=%2Fwp%2Fv2%2Fcomments&post=476"}],"version-history":[{"count":9,"href":"https:\/\/danot.fr\/WordPress\/index.php?rest_route=\/wp\/v2\/posts\/476\/revisions"}],"predecessor-version":[{"id":485,"href":"https:\/\/danot.fr\/WordPress\/index.php?rest_route=\/wp\/v2\/posts\/476\/revisions\/485"}],"wp:attachment":[{"href":"https:\/\/danot.fr\/WordPress\/index.php?rest_route=%2Fwp%2Fv2%2Fmedia&parent=476"}],"wp:term":[{"taxonomy":"category","embeddable":true,"href":"https:\/\/danot.fr\/WordPress\/index.php?rest_route=%2Fwp%2Fv2%2Fcategories&post=476"},{"taxonomy":"post_tag","embeddable":true,"href":"https:\/\/danot.fr\/WordPress\/index.php?rest_route=%2Fwp%2Fv2%2Ftags&post=476"}],"curies":[{"name":"wp","href":"https:\/\/api.w.org\/{rel}","templated":true}]}}