{"id":365,"date":"2010-10-11T19:35:30","date_gmt":"2010-10-11T19:35:30","guid":{"rendered":"http:\/\/danot.fr\/WordPress\/?p=365"},"modified":"2010-10-11T19:50:12","modified_gmt":"2010-10-11T19:50:12","slug":"ido-a-peru","status":"publish","type":"post","link":"https:\/\/danot.fr\/WordPress\/?p=365","title":{"rendered":"Partido ao Per\u00fa"},"content":{"rendered":"<figure style=\"width: 195px\" class=\"wp-caption alignright\"><img loading=\"lazy\" decoding=\"async\" title=\"Image P\u00e9rou\" src=\"http:\/\/www.autocars-c2v.com\/upload\/45000_perou2.jpg\" alt=\"La nouvelle famille de Yannick\" width=\"195\" height=\"290\" \/><figcaption class=\"wp-caption-text\">La nouvelle famille de Yannick<\/figcaption><\/figure>\n<p>H\u00e9 oui pour vous aussi c&rsquo;est une surprise ?<\/p>\n<p>Yannick a craqu\u00e9 ce weekend pour retrouver ses origines !<\/p>\n<p>Il est donc parti 2 semaines au P\u00e9rou avec Aur\u00e9lie sa s\u0153ur, nous d\u00e9laissant Pixel et moi \u00e0 la grisaille de Paris.<\/p>\n<p>Souhaitons lui un beau voyage en compagnie de sa nouvelle famille et\u00a0 son fid\u00e8le petit Alpaga !<\/p>\n","protected":false},"excerpt":{"rendered":"<p>H\u00e9 oui pour vous aussi c&rsquo;est une surprise ? Yannick a craqu\u00e9 ce weekend pour retrouver ses origines ! Il est donc parti 2 semaines au P\u00e9rou avec Aur\u00e9lie sa s\u0153ur, nous d\u00e9laissant Pixel et moi \u00e0 la grisaille de Paris. Souhaitons lui un beau voyage en compagnie de sa nouvelle famille et\u00a0 son fid\u00e8le [&hellip;]<\/p>\n","protected":false},"author":1,"featured_media":0,"comment_status":"open","ping_status":"open","sticky":false,"template":"","format":"standard","meta":{"_jetpack_newsletter_access":"","_jetpack_dont_email_post_to_subs":false,"_jetpack_newsletter_tier_id":0,"_jetpack_memberships_contains_paywalled_content":false,"_jetpack_feature_clip_id":0,"_jetpack_memberships_contains_paid_content":false,"footnotes":"","jetpack_post_was_ever_published":false},"categories":[1],"tags":[],"class_list":["post-365","post","type-post","status-publish","format-standard","hentry","category-divers"],"yoast_head":"<!-- This site is optimized with the Yoast SEO plugin v28.0 - https:\/\/yoast.com\/product\/yoast-seo-wordpress\/ -->\n<title>Partido ao Per\u00fa - Christine et Yannick<\/title>\n<meta name=\"robots\" content=\"noindex, follow, max-snippet:-1, max-image-preview:large, max-video-preview:-1\" \/>\n<meta property=\"og:locale\" content=\"fr_FR\" \/>\n<meta property=\"og:type\" content=\"article\" \/>\n<meta property=\"og:title\" content=\"Partido ao Per\u00fa - Christine et Yannick\" \/>\n<meta property=\"og:description\" content=\"H\u00e9 oui pour vous aussi c&rsquo;est une surprise ? Yannick a craqu\u00e9 ce weekend pour retrouver ses origines ! Il est donc parti 2 semaines au P\u00e9rou avec Aur\u00e9lie sa s\u0153ur, nous d\u00e9laissant Pixel et moi \u00e0 la grisaille de Paris. Souhaitons lui un beau voyage en compagnie de sa nouvelle famille et\u00a0 son fid\u00e8le [&hellip;]\" \/>\n<meta property=\"og:url\" content=\"https:\/\/danot.fr\/WordPress\/?p=365\" \/>\n<meta property=\"og:site_name\" content=\"Christine et Yannick\" \/>\n<meta property=\"article:published_time\" content=\"2010-10-11T19:35:30+00:00\" \/>\n<meta property=\"article:modified_time\" content=\"2010-10-11T19:50:12+00:00\" \/>\n<meta property=\"og:image\" content=\"http:\/\/www.autocars-c2v.com\/upload\/45000_perou2.jpg\" \/>\n<meta name=\"author\" content=\"admin\" \/>\n<meta name=\"twitter:card\" content=\"summary_large_image\" \/>\n<meta name=\"twitter:label1\" content=\"\u00c9crit par\" \/>\n\t<meta name=\"twitter:data1\" content=\"admin\" \/>\n<script type=\"application\/ld+json\" class=\"yoast-schema-graph\">{\"@context\":\"https:\\\/\\\/schema.org\",\"@graph\":[{\"@type\":\"Article\",\"@id\":\"https:\\\/\\\/danot.fr\\\/WordPress\\\/?p=365#article\",\"isPartOf\":{\"@id\":\"https:\\\/\\\/danot.fr\\\/WordPress\\\/?p=365\"},\"author\":{\"name\":\"admin\",\"@id\":\"https:\\\/\\\/danot.fr\\\/WordPress\\\/#\\\/schema\\\/person\\\/77c3da84be7db401a07c18e7742a23d7\"},\"headline\":\"Partido ao Per\u00fa\",\"datePublished\":\"2010-10-11T19:35:30+00:00\",\"dateModified\":\"2010-10-11T19:50:12+00:00\",\"mainEntityOfPage\":{\"@id\":\"https:\\\/\\\/danot.fr\\\/WordPress\\\/?p=365\"},\"wordCount\":74,\"commentCount\":3,\"image\":{\"@id\":\"https:\\\/\\\/danot.fr\\\/WordPress\\\/?p=365#primaryimage\"},\"thumbnailUrl\":\"http:\\\/\\\/www.autocars-c2v.com\\\/upload\\\/45000_perou2.jpg\",\"articleSection\":[\"Divers\"],\"inLanguage\":\"fr-FR\",\"potentialAction\":[{\"@type\":\"CommentAction\",\"name\":\"Comment\",\"target\":[\"https:\\\/\\\/danot.fr\\\/WordPress\\\/?p=365#respond\"]}]},{\"@type\":\"WebPage\",\"@id\":\"https:\\\/\\\/danot.fr\\\/WordPress\\\/?p=365\",\"url\":\"https:\\\/\\\/danot.fr\\\/WordPress\\\/?p=365\",\"name\":\"Partido ao Per\u00fa - Christine et Yannick\",\"isPartOf\":{\"@id\":\"https:\\\/\\\/danot.fr\\\/WordPress\\\/#website\"},\"primaryImageOfPage\":{\"@id\":\"https:\\\/\\\/danot.fr\\\/WordPress\\\/?p=365#primaryimage\"},\"image\":{\"@id\":\"https:\\\/\\\/danot.fr\\\/WordPress\\\/?p=365#primaryimage\"},\"thumbnailUrl\":\"http:\\\/\\\/www.autocars-c2v.com\\\/upload\\\/45000_perou2.jpg\",\"datePublished\":\"2010-10-11T19:35:30+00:00\",\"dateModified\":\"2010-10-11T19:50:12+00:00\",\"author\":{\"@id\":\"https:\\\/\\\/danot.fr\\\/WordPress\\\/#\\\/schema\\\/person\\\/77c3da84be7db401a07c18e7742a23d7\"},\"breadcrumb\":{\"@id\":\"https:\\\/\\\/danot.fr\\\/WordPress\\\/?p=365#breadcrumb\"},\"inLanguage\":\"fr-FR\",\"potentialAction\":[{\"@type\":\"ReadAction\",\"target\":[\"https:\\\/\\\/danot.fr\\\/WordPress\\\/?p=365\"]}]},{\"@type\":\"ImageObject\",\"inLanguage\":\"fr-FR\",\"@id\":\"https:\\\/\\\/danot.fr\\\/WordPress\\\/?p=365#primaryimage\",\"url\":\"http:\\\/\\\/www.autocars-c2v.com\\\/upload\\\/45000_perou2.jpg\",\"contentUrl\":\"http:\\\/\\\/www.autocars-c2v.com\\\/upload\\\/45000_perou2.jpg\"},{\"@type\":\"BreadcrumbList\",\"@id\":\"https:\\\/\\\/danot.fr\\\/WordPress\\\/?p=365#breadcrumb\",\"itemListElement\":[{\"@type\":\"ListItem\",\"position\":1,\"name\":\"Accueil\",\"item\":\"https:\\\/\\\/danot.fr\\\/WordPress\"},{\"@type\":\"ListItem\",\"position\":2,\"name\":\"Partido ao Per\u00fa\"}]},{\"@type\":\"WebSite\",\"@id\":\"https:\\\/\\\/danot.fr\\\/WordPress\\\/#website\",\"url\":\"https:\\\/\\\/danot.fr\\\/WordPress\\\/\",\"name\":\"Christine et Yannick\",\"description\":\"Le mariage est une si jolie id\u00e9e que celle de vouloir faire le voyage \u00e0 deux !\",\"potentialAction\":[{\"@type\":\"SearchAction\",\"target\":{\"@type\":\"EntryPoint\",\"urlTemplate\":\"https:\\\/\\\/danot.fr\\\/WordPress\\\/?s={search_term_string}\"},\"query-input\":{\"@type\":\"PropertyValueSpecification\",\"valueRequired\":true,\"valueName\":\"search_term_string\"}}],\"inLanguage\":\"fr-FR\"},{\"@type\":\"Person\",\"@id\":\"https:\\\/\\\/danot.fr\\\/WordPress\\\/#\\\/schema\\\/person\\\/77c3da84be7db401a07c18e7742a23d7\",\"name\":\"admin\",\"image\":{\"@type\":\"ImageObject\",\"inLanguage\":\"fr-FR\",\"@id\":\"https:\\\/\\\/secure.gravatar.com\\\/avatar\\\/74cde98f377897a694abf2f0a8625cc7f1c7b395145681727fa7171929d436c4?s=96&d=monsterid&r=g\",\"url\":\"https:\\\/\\\/secure.gravatar.com\\\/avatar\\\/74cde98f377897a694abf2f0a8625cc7f1c7b395145681727fa7171929d436c4?s=96&d=monsterid&r=g\",\"contentUrl\":\"https:\\\/\\\/secure.gravatar.com\\\/avatar\\\/74cde98f377897a694abf2f0a8625cc7f1c7b395145681727fa7171929d436c4?s=96&d=monsterid&r=g\",\"caption\":\"admin\"},\"url\":\"https:\\\/\\\/danot.fr\\\/WordPress\\\/?author=1\"}]}<\/script>\n<!-- \/ Yoast SEO plugin. -->","yoast_head_json":{"title":"Partido ao Per\u00fa - Christine et Yannick","robots":{"index":"noindex","follow":"follow","max-snippet":"max-snippet:-1","max-image-preview":"max-image-preview:large","max-video-preview":"max-video-preview:-1"},"og_locale":"fr_FR","og_type":"article","og_title":"Partido ao Per\u00fa - Christine et Yannick","og_description":"H\u00e9 oui pour vous aussi c&rsquo;est une surprise ? Yannick a craqu\u00e9 ce weekend pour retrouver ses origines ! Il est donc parti 2 semaines au P\u00e9rou avec Aur\u00e9lie sa s\u0153ur, nous d\u00e9laissant Pixel et moi \u00e0 la grisaille de Paris. Souhaitons lui un beau voyage en compagnie de sa nouvelle famille et\u00a0 son fid\u00e8le [&hellip;]","og_url":"https:\/\/danot.fr\/WordPress\/?p=365","og_site_name":"Christine et Yannick","article_published_time":"2010-10-11T19:35:30+00:00","article_modified_time":"2010-10-11T19:50:12+00:00","og_image":[{"url":"http:\/\/www.autocars-c2v.com\/upload\/45000_perou2.jpg","type":"","width":"","height":""}],"author":"admin","twitter_card":"summary_large_image","twitter_misc":{"\u00c9crit par":"admin"},"schema":{"@context":"https:\/\/schema.org","@graph":[{"@type":"Article","@id":"https:\/\/danot.fr\/WordPress\/?p=365#article","isPartOf":{"@id":"https:\/\/danot.fr\/WordPress\/?p=365"},"author":{"name":"admin","@id":"https:\/\/danot.fr\/WordPress\/#\/schema\/person\/77c3da84be7db401a07c18e7742a23d7"},"headline":"Partido ao Per\u00fa","datePublished":"2010-10-11T19:35:30+00:00","dateModified":"2010-10-11T19:50:12+00:00","mainEntityOfPage":{"@id":"https:\/\/danot.fr\/WordPress\/?p=365"},"wordCount":74,"commentCount":3,"image":{"@id":"https:\/\/danot.fr\/WordPress\/?p=365#primaryimage"},"thumbnailUrl":"http:\/\/www.autocars-c2v.com\/upload\/45000_perou2.jpg","articleSection":["Divers"],"inLanguage":"fr-FR","potentialAction":[{"@type":"CommentAction","name":"Comment","target":["https:\/\/danot.fr\/WordPress\/?p=365#respond"]}]},{"@type":"WebPage","@id":"https:\/\/danot.fr\/WordPress\/?p=365","url":"https:\/\/danot.fr\/WordPress\/?p=365","name":"Partido ao Per\u00fa - Christine et Yannick","isPartOf":{"@id":"https:\/\/danot.fr\/WordPress\/#website"},"primaryImageOfPage":{"@id":"https:\/\/danot.fr\/WordPress\/?p=365#primaryimage"},"image":{"@id":"https:\/\/danot.fr\/WordPress\/?p=365#primaryimage"},"thumbnailUrl":"http:\/\/www.autocars-c2v.com\/upload\/45000_perou2.jpg","datePublished":"2010-10-11T19:35:30+00:00","dateModified":"2010-10-11T19:50:12+00:00","author":{"@id":"https:\/\/danot.fr\/WordPress\/#\/schema\/person\/77c3da84be7db401a07c18e7742a23d7"},"breadcrumb":{"@id":"https:\/\/danot.fr\/WordPress\/?p=365#breadcrumb"},"inLanguage":"fr-FR","potentialAction":[{"@type":"ReadAction","target":["https:\/\/danot.fr\/WordPress\/?p=365"]}]},{"@type":"ImageObject","inLanguage":"fr-FR","@id":"https:\/\/danot.fr\/WordPress\/?p=365#primaryimage","url":"http:\/\/www.autocars-c2v.com\/upload\/45000_perou2.jpg","contentUrl":"http:\/\/www.autocars-c2v.com\/upload\/45000_perou2.jpg"},{"@type":"BreadcrumbList","@id":"https:\/\/danot.fr\/WordPress\/?p=365#breadcrumb","itemListElement":[{"@type":"ListItem","position":1,"name":"Accueil","item":"https:\/\/danot.fr\/WordPress"},{"@type":"ListItem","position":2,"name":"Partido ao Per\u00fa"}]},{"@type":"WebSite","@id":"https:\/\/danot.fr\/WordPress\/#website","url":"https:\/\/danot.fr\/WordPress\/","name":"Christine et Yannick","description":"Le mariage est une si jolie id\u00e9e que celle de vouloir faire le voyage \u00e0 deux !","potentialAction":[{"@type":"SearchAction","target":{"@type":"EntryPoint","urlTemplate":"https:\/\/danot.fr\/WordPress\/?s={search_term_string}"},"query-input":{"@type":"PropertyValueSpecification","valueRequired":true,"valueName":"search_term_string"}}],"inLanguage":"fr-FR"},{"@type":"Person","@id":"https:\/\/danot.fr\/WordPress\/#\/schema\/person\/77c3da84be7db401a07c18e7742a23d7","name":"admin","image":{"@type":"ImageObject","inLanguage":"fr-FR","@id":"https:\/\/secure.gravatar.com\/avatar\/74cde98f377897a694abf2f0a8625cc7f1c7b395145681727fa7171929d436c4?s=96&d=monsterid&r=g","url":"https:\/\/secure.gravatar.com\/avatar\/74cde98f377897a694abf2f0a8625cc7f1c7b395145681727fa7171929d436c4?s=96&d=monsterid&r=g","contentUrl":"https:\/\/secure.gravatar.com\/avatar\/74cde98f377897a694abf2f0a8625cc7f1c7b395145681727fa7171929d436c4?s=96&d=monsterid&r=g","caption":"admin"},"url":"https:\/\/danot.fr\/WordPress\/?author=1"}]}},"jetpack_featured_media_url":"","jetpack_sharing_enabled":true,"_links":{"self":[{"href":"https:\/\/danot.fr\/WordPress\/index.php?rest_route=\/wp\/v2\/posts\/365","targetHints":{"allow":["GET"]}}],"collection":[{"href":"https:\/\/danot.fr\/WordPress\/index.php?rest_route=\/wp\/v2\/posts"}],"about":[{"href":"https:\/\/danot.fr\/WordPress\/index.php?rest_route=\/wp\/v2\/types\/post"}],"author":[{"embeddable":true,"href":"https:\/\/danot.fr\/WordPress\/index.php?rest_route=\/wp\/v2\/users\/1"}],"replies":[{"embeddable":true,"href":"https:\/\/danot.fr\/WordPress\/index.php?rest_route=%2Fwp%2Fv2%2Fcomments&post=365"}],"version-history":[{"count":12,"href":"https:\/\/danot.fr\/WordPress\/index.php?rest_route=\/wp\/v2\/posts\/365\/revisions"}],"predecessor-version":[{"id":374,"href":"https:\/\/danot.fr\/WordPress\/index.php?rest_route=\/wp\/v2\/posts\/365\/revisions\/374"}],"wp:attachment":[{"href":"https:\/\/danot.fr\/WordPress\/index.php?rest_route=%2Fwp%2Fv2%2Fmedia&parent=365"}],"wp:term":[{"taxonomy":"category","embeddable":true,"href":"https:\/\/danot.fr\/WordPress\/index.php?rest_route=%2Fwp%2Fv2%2Fcategories&post=365"},{"taxonomy":"post_tag","embeddable":true,"href":"https:\/\/danot.fr\/WordPress\/index.php?rest_route=%2Fwp%2Fv2%2Ftags&post=365"}],"curies":[{"name":"wp","href":"https:\/\/api.w.org\/{rel}","templated":true}]}}