{"id":204,"date":"2010-09-09T20:07:35","date_gmt":"2010-09-09T20:07:35","guid":{"rendered":"http:\/\/danot.fr\/WordPress\/?p=204"},"modified":"2011-01-21T14:23:47","modified_gmt":"2011-01-21T14:23:47","slug":"test-de-sous-titre","status":"publish","type":"post","link":"https:\/\/danot.fr\/WordPress\/?p=204","title":{"rendered":"Venir \u00e0 la Mairie Ivry"},"content":{"rendered":"<p>Pour venir \u00e0 la Mairie Ivry <strong>par la route<\/strong><\/p>\n<p>En arrivant de l&rsquo;Est, autoroute A4, sortie Ivry-sur-Seine.<\/p>\n<p>Depuis Paris :<br \/>\nPorte de Choisy, arriv\u00e9e par la RN 305 (Avenue de Verdun), puis direction centre-ville par la rue Hoche.<br \/>\nPorte d&rsquo;Ivry, arriv\u00e9e par les rues Barb\u00e8s, Baudin, puis direction centre-ville par la rue Jean Le Galleu.<br \/>\nBoulevard p\u00e9riph\u00e9rique, sorties porte d&rsquo;Ivry ou quai d&rsquo;Ivry. Par les quais, entr\u00e9e dans Ivry par le quai M. Boyer et le Bd P. Vaillant-Couturier. Direction centre-ville par la rue Westermeyer.<\/p>\n<p>Depuis le Sud ou l&rsquo;Ouest :<\/p>\n<p>Autoroute A86, sortie \u00e0 Vitry. Direction Paris par la RN 305. Vers le centre-ville emprunter l&rsquo;avenue Henri Barbusse.<\/p>\n<p><strong>En transports en commun :<\/strong><\/p>\n<p><strong>RER ligne C &#8211;<\/strong> trains ROMI ou MONA. Arr\u00eat Ivry-sur-Seine.<br \/>\n<strong>M\u00e9tro ligne 7 &#8211;<\/strong> direction Mairie d&rsquo;Ivry, stations Pierre Curie et Mairie d&rsquo;Ivry. plan interactif du m\u00e9tro<br \/>\n<strong>Navettes fluviales Vogu\u00e9o<\/strong><br \/>\nD&rsquo;Austerlitz \u00e0 Ivry (terminus Maisons-Alfort). Un bateau toutes les 1\/2 heures (20 minutes en heures de pointe)<br \/>\nPlus d&rsquo;infos sur <a href=\"http:\/\/www.vogueo.fr\"> http:\/\/www.vogueo.fr <\/a><\/p>\n<p><strong>Bus<\/strong><\/p>\n<p>125 (Portes d&rsquo;Orl\u00e9ans &#8211; Maisons-Alfort, \u00e9cole v\u00e9t\u00e9rinaire)<br \/>\ntrajet d\u00e9taill\u00e9 et horaires du 125<br \/>\n132 (Paris biblioth\u00e8que Fran\u00e7ois Mitterrand &#8211; Vitry Moulin Vert) trajet d\u00e9taill\u00e9 et horaires du 132<br \/>\n182 (Mairie-d&rsquo;Ivry &#8211; Villeneuve Triage RER) trajet d\u00e9taill\u00e9 et horaires du 182<br \/>\n183 (Porte de Choisy &#8211; Orly) trajet d\u00e9taill\u00e9 et horaires du 183<br \/>\n323 (Gare d&rsquo;Ivry-Issy-les-Moulineaux) trajet d\u00e9taill\u00e9 et horaires du 323<br \/>\n325 (Paris biblioth\u00e8que Fran\u00e7ois Mitterrand &#8211; Ch\u00e2teau de Vincennes) trajet d\u00e9taill\u00e9 et horaires du 325<\/p>\n<p><strong><br \/>\ncoordonn\u00e9es GPS:<\/strong><br \/>\nSelon different type de GPS:<br \/>\n48.811874,2.383468<br \/>\nDecimal Degrees (WGS84)<br \/>\nLatitude\tLongitude<br \/>\n48.811874\t2.383468<\/p>\n<p>Degrees, Minutes &amp; Seconds<br \/>\nLatitude\tLongitude<br \/>\nN48 48 42\tE2 23 00<\/p>\n<p>GPS<br \/>\nLatitude\tLongitude<br \/>\nN 48 48.712\tE 2 23.008<\/p>\n<p>UTM<br \/>\nX\tY<br \/>\n31N\t454736\t5406726<\/p>\n","protected":false},"excerpt":{"rendered":"<p>Pour venir \u00e0 la Mairie Ivry par la route En arrivant de l&rsquo;Est, autoroute A4, sortie Ivry-sur-Seine. Depuis Paris : Porte de Choisy, arriv\u00e9e par la RN 305 (Avenue de Verdun), puis direction centre-ville par la rue Hoche. Porte d&rsquo;Ivry, arriv\u00e9e par les rues Barb\u00e8s, Baudin, puis direction centre-ville par la rue Jean Le Galleu. [&hellip;]<\/p>\n","protected":false},"author":1,"featured_media":0,"comment_status":"open","ping_status":"open","sticky":false,"template":"","format":"standard","meta":{"_jetpack_newsletter_access":"","_jetpack_dont_email_post_to_subs":false,"_jetpack_newsletter_tier_id":0,"_jetpack_memberships_contains_paywalled_content":false,"_jetpack_feature_clip_id":0,"_jetpack_memberships_contains_paid_content":false,"footnotes":"","jetpack_post_was_ever_published":false},"categories":[4],"tags":[],"class_list":["post-204","post","type-post","status-publish","format-standard","hentry","category-infos-mariage"],"yoast_head":"<!-- This site is optimized with the Yoast SEO plugin v28.0 - https:\/\/yoast.com\/product\/yoast-seo-wordpress\/ -->\n<title>Venir \u00e0 la Mairie Ivry - Christine et Yannick<\/title>\n<meta name=\"robots\" content=\"noindex, follow, max-snippet:-1, max-image-preview:large, max-video-preview:-1\" \/>\n<meta property=\"og:locale\" content=\"fr_FR\" \/>\n<meta property=\"og:type\" content=\"article\" \/>\n<meta property=\"og:title\" content=\"Venir \u00e0 la Mairie Ivry - Christine et Yannick\" \/>\n<meta property=\"og:description\" content=\"Pour venir \u00e0 la Mairie Ivry par la route En arrivant de l&rsquo;Est, autoroute A4, sortie Ivry-sur-Seine. Depuis Paris : Porte de Choisy, arriv\u00e9e par la RN 305 (Avenue de Verdun), puis direction centre-ville par la rue Hoche. Porte d&rsquo;Ivry, arriv\u00e9e par les rues Barb\u00e8s, Baudin, puis direction centre-ville par la rue Jean Le Galleu. [&hellip;]\" \/>\n<meta property=\"og:url\" content=\"https:\/\/danot.fr\/WordPress\/?p=204\" \/>\n<meta property=\"og:site_name\" content=\"Christine et Yannick\" \/>\n<meta property=\"article:published_time\" content=\"2010-09-09T20:07:35+00:00\" \/>\n<meta property=\"article:modified_time\" content=\"2011-01-21T14:23:47+00:00\" \/>\n<meta name=\"author\" content=\"admin\" \/>\n<meta name=\"twitter:card\" content=\"summary_large_image\" \/>\n<meta name=\"twitter:label1\" content=\"\u00c9crit par\" \/>\n\t<meta name=\"twitter:data1\" content=\"admin\" \/>\n\t<meta name=\"twitter:label2\" content=\"Dur\u00e9e de lecture estim\u00e9e\" \/>\n\t<meta name=\"twitter:data2\" content=\"1 minute\" \/>\n<script type=\"application\/ld+json\" class=\"yoast-schema-graph\">{\"@context\":\"https:\\\/\\\/schema.org\",\"@graph\":[{\"@type\":\"Article\",\"@id\":\"https:\\\/\\\/danot.fr\\\/WordPress\\\/?p=204#article\",\"isPartOf\":{\"@id\":\"https:\\\/\\\/danot.fr\\\/WordPress\\\/?p=204\"},\"author\":{\"name\":\"admin\",\"@id\":\"https:\\\/\\\/danot.fr\\\/WordPress\\\/#\\\/schema\\\/person\\\/77c3da84be7db401a07c18e7742a23d7\"},\"headline\":\"Venir \u00e0 la Mairie Ivry\",\"datePublished\":\"2010-09-09T20:07:35+00:00\",\"dateModified\":\"2011-01-21T14:23:47+00:00\",\"mainEntityOfPage\":{\"@id\":\"https:\\\/\\\/danot.fr\\\/WordPress\\\/?p=204\"},\"wordCount\":293,\"commentCount\":0,\"articleSection\":[\"Infos Mariage\"],\"inLanguage\":\"fr-FR\",\"potentialAction\":[{\"@type\":\"CommentAction\",\"name\":\"Comment\",\"target\":[\"https:\\\/\\\/danot.fr\\\/WordPress\\\/?p=204#respond\"]}]},{\"@type\":\"WebPage\",\"@id\":\"https:\\\/\\\/danot.fr\\\/WordPress\\\/?p=204\",\"url\":\"https:\\\/\\\/danot.fr\\\/WordPress\\\/?p=204\",\"name\":\"Venir \u00e0 la Mairie Ivry - Christine et Yannick\",\"isPartOf\":{\"@id\":\"https:\\\/\\\/danot.fr\\\/WordPress\\\/#website\"},\"datePublished\":\"2010-09-09T20:07:35+00:00\",\"dateModified\":\"2011-01-21T14:23:47+00:00\",\"author\":{\"@id\":\"https:\\\/\\\/danot.fr\\\/WordPress\\\/#\\\/schema\\\/person\\\/77c3da84be7db401a07c18e7742a23d7\"},\"breadcrumb\":{\"@id\":\"https:\\\/\\\/danot.fr\\\/WordPress\\\/?p=204#breadcrumb\"},\"inLanguage\":\"fr-FR\",\"potentialAction\":[{\"@type\":\"ReadAction\",\"target\":[\"https:\\\/\\\/danot.fr\\\/WordPress\\\/?p=204\"]}]},{\"@type\":\"BreadcrumbList\",\"@id\":\"https:\\\/\\\/danot.fr\\\/WordPress\\\/?p=204#breadcrumb\",\"itemListElement\":[{\"@type\":\"ListItem\",\"position\":1,\"name\":\"Accueil\",\"item\":\"https:\\\/\\\/danot.fr\\\/WordPress\"},{\"@type\":\"ListItem\",\"position\":2,\"name\":\"Venir \u00e0 la Mairie Ivry\"}]},{\"@type\":\"WebSite\",\"@id\":\"https:\\\/\\\/danot.fr\\\/WordPress\\\/#website\",\"url\":\"https:\\\/\\\/danot.fr\\\/WordPress\\\/\",\"name\":\"Christine et Yannick\",\"description\":\"Le mariage est une si jolie id\u00e9e que celle de vouloir faire le voyage \u00e0 deux !\",\"potentialAction\":[{\"@type\":\"SearchAction\",\"target\":{\"@type\":\"EntryPoint\",\"urlTemplate\":\"https:\\\/\\\/danot.fr\\\/WordPress\\\/?s={search_term_string}\"},\"query-input\":{\"@type\":\"PropertyValueSpecification\",\"valueRequired\":true,\"valueName\":\"search_term_string\"}}],\"inLanguage\":\"fr-FR\"},{\"@type\":\"Person\",\"@id\":\"https:\\\/\\\/danot.fr\\\/WordPress\\\/#\\\/schema\\\/person\\\/77c3da84be7db401a07c18e7742a23d7\",\"name\":\"admin\",\"image\":{\"@type\":\"ImageObject\",\"inLanguage\":\"fr-FR\",\"@id\":\"https:\\\/\\\/secure.gravatar.com\\\/avatar\\\/74cde98f377897a694abf2f0a8625cc7f1c7b395145681727fa7171929d436c4?s=96&d=monsterid&r=g\",\"url\":\"https:\\\/\\\/secure.gravatar.com\\\/avatar\\\/74cde98f377897a694abf2f0a8625cc7f1c7b395145681727fa7171929d436c4?s=96&d=monsterid&r=g\",\"contentUrl\":\"https:\\\/\\\/secure.gravatar.com\\\/avatar\\\/74cde98f377897a694abf2f0a8625cc7f1c7b395145681727fa7171929d436c4?s=96&d=monsterid&r=g\",\"caption\":\"admin\"},\"url\":\"https:\\\/\\\/danot.fr\\\/WordPress\\\/?author=1\"}]}<\/script>\n<!-- \/ Yoast SEO plugin. -->","yoast_head_json":{"title":"Venir \u00e0 la Mairie Ivry - Christine et Yannick","robots":{"index":"noindex","follow":"follow","max-snippet":"max-snippet:-1","max-image-preview":"max-image-preview:large","max-video-preview":"max-video-preview:-1"},"og_locale":"fr_FR","og_type":"article","og_title":"Venir \u00e0 la Mairie Ivry - Christine et Yannick","og_description":"Pour venir \u00e0 la Mairie Ivry par la route En arrivant de l&rsquo;Est, autoroute A4, sortie Ivry-sur-Seine. Depuis Paris : Porte de Choisy, arriv\u00e9e par la RN 305 (Avenue de Verdun), puis direction centre-ville par la rue Hoche. Porte d&rsquo;Ivry, arriv\u00e9e par les rues Barb\u00e8s, Baudin, puis direction centre-ville par la rue Jean Le Galleu. [&hellip;]","og_url":"https:\/\/danot.fr\/WordPress\/?p=204","og_site_name":"Christine et Yannick","article_published_time":"2010-09-09T20:07:35+00:00","article_modified_time":"2011-01-21T14:23:47+00:00","author":"admin","twitter_card":"summary_large_image","twitter_misc":{"\u00c9crit par":"admin","Dur\u00e9e de lecture estim\u00e9e":"1 minute"},"schema":{"@context":"https:\/\/schema.org","@graph":[{"@type":"Article","@id":"https:\/\/danot.fr\/WordPress\/?p=204#article","isPartOf":{"@id":"https:\/\/danot.fr\/WordPress\/?p=204"},"author":{"name":"admin","@id":"https:\/\/danot.fr\/WordPress\/#\/schema\/person\/77c3da84be7db401a07c18e7742a23d7"},"headline":"Venir \u00e0 la Mairie Ivry","datePublished":"2010-09-09T20:07:35+00:00","dateModified":"2011-01-21T14:23:47+00:00","mainEntityOfPage":{"@id":"https:\/\/danot.fr\/WordPress\/?p=204"},"wordCount":293,"commentCount":0,"articleSection":["Infos Mariage"],"inLanguage":"fr-FR","potentialAction":[{"@type":"CommentAction","name":"Comment","target":["https:\/\/danot.fr\/WordPress\/?p=204#respond"]}]},{"@type":"WebPage","@id":"https:\/\/danot.fr\/WordPress\/?p=204","url":"https:\/\/danot.fr\/WordPress\/?p=204","name":"Venir \u00e0 la Mairie Ivry - Christine et Yannick","isPartOf":{"@id":"https:\/\/danot.fr\/WordPress\/#website"},"datePublished":"2010-09-09T20:07:35+00:00","dateModified":"2011-01-21T14:23:47+00:00","author":{"@id":"https:\/\/danot.fr\/WordPress\/#\/schema\/person\/77c3da84be7db401a07c18e7742a23d7"},"breadcrumb":{"@id":"https:\/\/danot.fr\/WordPress\/?p=204#breadcrumb"},"inLanguage":"fr-FR","potentialAction":[{"@type":"ReadAction","target":["https:\/\/danot.fr\/WordPress\/?p=204"]}]},{"@type":"BreadcrumbList","@id":"https:\/\/danot.fr\/WordPress\/?p=204#breadcrumb","itemListElement":[{"@type":"ListItem","position":1,"name":"Accueil","item":"https:\/\/danot.fr\/WordPress"},{"@type":"ListItem","position":2,"name":"Venir \u00e0 la Mairie Ivry"}]},{"@type":"WebSite","@id":"https:\/\/danot.fr\/WordPress\/#website","url":"https:\/\/danot.fr\/WordPress\/","name":"Christine et Yannick","description":"Le mariage est une si jolie id\u00e9e que celle de vouloir faire le voyage \u00e0 deux !","potentialAction":[{"@type":"SearchAction","target":{"@type":"EntryPoint","urlTemplate":"https:\/\/danot.fr\/WordPress\/?s={search_term_string}"},"query-input":{"@type":"PropertyValueSpecification","valueRequired":true,"valueName":"search_term_string"}}],"inLanguage":"fr-FR"},{"@type":"Person","@id":"https:\/\/danot.fr\/WordPress\/#\/schema\/person\/77c3da84be7db401a07c18e7742a23d7","name":"admin","image":{"@type":"ImageObject","inLanguage":"fr-FR","@id":"https:\/\/secure.gravatar.com\/avatar\/74cde98f377897a694abf2f0a8625cc7f1c7b395145681727fa7171929d436c4?s=96&d=monsterid&r=g","url":"https:\/\/secure.gravatar.com\/avatar\/74cde98f377897a694abf2f0a8625cc7f1c7b395145681727fa7171929d436c4?s=96&d=monsterid&r=g","contentUrl":"https:\/\/secure.gravatar.com\/avatar\/74cde98f377897a694abf2f0a8625cc7f1c7b395145681727fa7171929d436c4?s=96&d=monsterid&r=g","caption":"admin"},"url":"https:\/\/danot.fr\/WordPress\/?author=1"}]}},"jetpack_featured_media_url":"","jetpack_sharing_enabled":true,"_links":{"self":[{"href":"https:\/\/danot.fr\/WordPress\/index.php?rest_route=\/wp\/v2\/posts\/204","targetHints":{"allow":["GET"]}}],"collection":[{"href":"https:\/\/danot.fr\/WordPress\/index.php?rest_route=\/wp\/v2\/posts"}],"about":[{"href":"https:\/\/danot.fr\/WordPress\/index.php?rest_route=\/wp\/v2\/types\/post"}],"author":[{"embeddable":true,"href":"https:\/\/danot.fr\/WordPress\/index.php?rest_route=\/wp\/v2\/users\/1"}],"replies":[{"embeddable":true,"href":"https:\/\/danot.fr\/WordPress\/index.php?rest_route=%2Fwp%2Fv2%2Fcomments&post=204"}],"version-history":[{"count":11,"href":"https:\/\/danot.fr\/WordPress\/index.php?rest_route=\/wp\/v2\/posts\/204\/revisions"}],"predecessor-version":[{"id":773,"href":"https:\/\/danot.fr\/WordPress\/index.php?rest_route=\/wp\/v2\/posts\/204\/revisions\/773"}],"wp:attachment":[{"href":"https:\/\/danot.fr\/WordPress\/index.php?rest_route=%2Fwp%2Fv2%2Fmedia&parent=204"}],"wp:term":[{"taxonomy":"category","embeddable":true,"href":"https:\/\/danot.fr\/WordPress\/index.php?rest_route=%2Fwp%2Fv2%2Fcategories&post=204"},{"taxonomy":"post_tag","embeddable":true,"href":"https:\/\/danot.fr\/WordPress\/index.php?rest_route=%2Fwp%2Fv2%2Ftags&post=204"}],"curies":[{"name":"wp","href":"https:\/\/api.w.org\/{rel}","templated":true}]}}