{"id":1006,"date":"2011-05-11T11:31:32","date_gmt":"2011-05-11T09:31:32","guid":{"rendered":"http:\/\/danot.fr\/WordPress\/?p=1006"},"modified":"2011-05-15T16:22:57","modified_gmt":"2011-05-15T14:22:57","slug":"naissance-de-la-petite-anae","status":"publish","type":"post","link":"https:\/\/danot.fr\/WordPress\/?p=1006","title":{"rendered":"Naissance de la petite Ana\u00e9"},"content":{"rendered":"<p>\u00c7a y est Yannick est tonton !<\/p>\n<p>La petite Ana\u00e9 est n\u00e9e le 11 mai 2011 matin (2,9kg et 50cm).<br \/>\nNous attendons avec impatience ce weekend pour pouvoir lui rendre visite.<a href=\"http:\/\/danot.fr\/WordPress\/wp-content\/uploads\/2011\/05\/Ana\u00e9-Danot.jpeg\"><img loading=\"lazy\" decoding=\"async\" src=\"http:\/\/danot.fr\/WordPress\/wp-content\/uploads\/2011\/05\/Ana\u00e9-Danot.jpeg\" alt=\"\" title=\"Ana\u00e9\" width=\"216\" height=\"324\" class=\"aligncenter size-full wp-image-1011\" srcset=\"https:\/\/danot.fr\/WordPress\/wp-content\/uploads\/2011\/05\/Ana\u00e9-Danot.jpeg 216w, https:\/\/danot.fr\/WordPress\/wp-content\/uploads\/2011\/05\/Ana\u00e9-Danot-200x300.jpg 200w\" sizes=\"auto, (max-width: 216px) 100vw, 216px\" \/><\/a><\/p>\n","protected":false},"excerpt":{"rendered":"<p>\u00c7a y est Yannick est tonton ! La petite Ana\u00e9 est n\u00e9e le 11 mai 2011 matin (2,9kg et 50cm). Nous attendons avec impatience ce weekend pour pouvoir lui rendre visite.<\/p>\n","protected":false},"author":1,"featured_media":0,"comment_status":"open","ping_status":"open","sticky":false,"template":"","format":"standard","meta":{"_jetpack_newsletter_access":"","_jetpack_dont_email_post_to_subs":false,"_jetpack_newsletter_tier_id":0,"_jetpack_memberships_contains_paywalled_content":false,"_jetpack_feature_clip_id":0,"_jetpack_memberships_contains_paid_content":false,"footnotes":"","jetpack_post_was_ever_published":false},"categories":[1],"tags":[],"class_list":["post-1006","post","type-post","status-publish","format-standard","hentry","category-divers"],"yoast_head":"<!-- This site is optimized with the Yoast SEO plugin v28.0 - https:\/\/yoast.com\/product\/yoast-seo-wordpress\/ -->\n<title>Naissance de la petite Ana\u00e9 - Christine et Yannick<\/title>\n<meta name=\"robots\" content=\"noindex, follow, max-snippet:-1, max-image-preview:large, max-video-preview:-1\" \/>\n<meta property=\"og:locale\" content=\"fr_FR\" \/>\n<meta property=\"og:type\" content=\"article\" \/>\n<meta property=\"og:title\" content=\"Naissance de la petite Ana\u00e9 - Christine et Yannick\" \/>\n<meta property=\"og:description\" content=\"\u00c7a y est Yannick est tonton ! La petite Ana\u00e9 est n\u00e9e le 11 mai 2011 matin (2,9kg et 50cm). Nous attendons avec impatience ce weekend pour pouvoir lui rendre visite.\" \/>\n<meta property=\"og:url\" content=\"https:\/\/danot.fr\/WordPress\/?p=1006\" \/>\n<meta property=\"og:site_name\" content=\"Christine et Yannick\" \/>\n<meta property=\"article:published_time\" content=\"2011-05-11T09:31:32+00:00\" \/>\n<meta property=\"article:modified_time\" content=\"2011-05-15T14:22:57+00:00\" \/>\n<meta name=\"author\" content=\"admin\" \/>\n<meta name=\"twitter:card\" content=\"summary_large_image\" \/>\n<meta name=\"twitter:label1\" content=\"\u00c9crit par\" \/>\n\t<meta name=\"twitter:data1\" content=\"admin\" \/>\n<script type=\"application\/ld+json\" class=\"yoast-schema-graph\">{\"@context\":\"https:\\\/\\\/schema.org\",\"@graph\":[{\"@type\":\"Article\",\"@id\":\"https:\\\/\\\/danot.fr\\\/WordPress\\\/?p=1006#article\",\"isPartOf\":{\"@id\":\"https:\\\/\\\/danot.fr\\\/WordPress\\\/?p=1006\"},\"author\":{\"name\":\"admin\",\"@id\":\"https:\\\/\\\/danot.fr\\\/WordPress\\\/#\\\/schema\\\/person\\\/77c3da84be7db401a07c18e7742a23d7\"},\"headline\":\"Naissance de la petite Ana\u00e9\",\"datePublished\":\"2011-05-11T09:31:32+00:00\",\"dateModified\":\"2011-05-15T14:22:57+00:00\",\"mainEntityOfPage\":{\"@id\":\"https:\\\/\\\/danot.fr\\\/WordPress\\\/?p=1006\"},\"wordCount\":34,\"commentCount\":1,\"articleSection\":[\"Divers\"],\"inLanguage\":\"fr-FR\",\"potentialAction\":[{\"@type\":\"CommentAction\",\"name\":\"Comment\",\"target\":[\"https:\\\/\\\/danot.fr\\\/WordPress\\\/?p=1006#respond\"]}]},{\"@type\":\"WebPage\",\"@id\":\"https:\\\/\\\/danot.fr\\\/WordPress\\\/?p=1006\",\"url\":\"https:\\\/\\\/danot.fr\\\/WordPress\\\/?p=1006\",\"name\":\"Naissance de la petite Ana\u00e9 - Christine et Yannick\",\"isPartOf\":{\"@id\":\"https:\\\/\\\/danot.fr\\\/WordPress\\\/#website\"},\"datePublished\":\"2011-05-11T09:31:32+00:00\",\"dateModified\":\"2011-05-15T14:22:57+00:00\",\"author\":{\"@id\":\"https:\\\/\\\/danot.fr\\\/WordPress\\\/#\\\/schema\\\/person\\\/77c3da84be7db401a07c18e7742a23d7\"},\"breadcrumb\":{\"@id\":\"https:\\\/\\\/danot.fr\\\/WordPress\\\/?p=1006#breadcrumb\"},\"inLanguage\":\"fr-FR\",\"potentialAction\":[{\"@type\":\"ReadAction\",\"target\":[\"https:\\\/\\\/danot.fr\\\/WordPress\\\/?p=1006\"]}]},{\"@type\":\"BreadcrumbList\",\"@id\":\"https:\\\/\\\/danot.fr\\\/WordPress\\\/?p=1006#breadcrumb\",\"itemListElement\":[{\"@type\":\"ListItem\",\"position\":1,\"name\":\"Accueil\",\"item\":\"https:\\\/\\\/danot.fr\\\/WordPress\"},{\"@type\":\"ListItem\",\"position\":2,\"name\":\"Naissance de la petite Ana\u00e9\"}]},{\"@type\":\"WebSite\",\"@id\":\"https:\\\/\\\/danot.fr\\\/WordPress\\\/#website\",\"url\":\"https:\\\/\\\/danot.fr\\\/WordPress\\\/\",\"name\":\"Christine et Yannick\",\"description\":\"Le mariage est une si jolie id\u00e9e que celle de vouloir faire le voyage \u00e0 deux !\",\"potentialAction\":[{\"@type\":\"SearchAction\",\"target\":{\"@type\":\"EntryPoint\",\"urlTemplate\":\"https:\\\/\\\/danot.fr\\\/WordPress\\\/?s={search_term_string}\"},\"query-input\":{\"@type\":\"PropertyValueSpecification\",\"valueRequired\":true,\"valueName\":\"search_term_string\"}}],\"inLanguage\":\"fr-FR\"},{\"@type\":\"Person\",\"@id\":\"https:\\\/\\\/danot.fr\\\/WordPress\\\/#\\\/schema\\\/person\\\/77c3da84be7db401a07c18e7742a23d7\",\"name\":\"admin\",\"image\":{\"@type\":\"ImageObject\",\"inLanguage\":\"fr-FR\",\"@id\":\"https:\\\/\\\/secure.gravatar.com\\\/avatar\\\/74cde98f377897a694abf2f0a8625cc7f1c7b395145681727fa7171929d436c4?s=96&d=monsterid&r=g\",\"url\":\"https:\\\/\\\/secure.gravatar.com\\\/avatar\\\/74cde98f377897a694abf2f0a8625cc7f1c7b395145681727fa7171929d436c4?s=96&d=monsterid&r=g\",\"contentUrl\":\"https:\\\/\\\/secure.gravatar.com\\\/avatar\\\/74cde98f377897a694abf2f0a8625cc7f1c7b395145681727fa7171929d436c4?s=96&d=monsterid&r=g\",\"caption\":\"admin\"},\"url\":\"https:\\\/\\\/danot.fr\\\/WordPress\\\/?author=1\"}]}<\/script>\n<!-- \/ Yoast SEO plugin. -->","yoast_head_json":{"title":"Naissance de la petite Ana\u00e9 - Christine et Yannick","robots":{"index":"noindex","follow":"follow","max-snippet":"max-snippet:-1","max-image-preview":"max-image-preview:large","max-video-preview":"max-video-preview:-1"},"og_locale":"fr_FR","og_type":"article","og_title":"Naissance de la petite Ana\u00e9 - Christine et Yannick","og_description":"\u00c7a y est Yannick est tonton ! La petite Ana\u00e9 est n\u00e9e le 11 mai 2011 matin (2,9kg et 50cm). Nous attendons avec impatience ce weekend pour pouvoir lui rendre visite.","og_url":"https:\/\/danot.fr\/WordPress\/?p=1006","og_site_name":"Christine et Yannick","article_published_time":"2011-05-11T09:31:32+00:00","article_modified_time":"2011-05-15T14:22:57+00:00","author":"admin","twitter_card":"summary_large_image","twitter_misc":{"\u00c9crit par":"admin"},"schema":{"@context":"https:\/\/schema.org","@graph":[{"@type":"Article","@id":"https:\/\/danot.fr\/WordPress\/?p=1006#article","isPartOf":{"@id":"https:\/\/danot.fr\/WordPress\/?p=1006"},"author":{"name":"admin","@id":"https:\/\/danot.fr\/WordPress\/#\/schema\/person\/77c3da84be7db401a07c18e7742a23d7"},"headline":"Naissance de la petite Ana\u00e9","datePublished":"2011-05-11T09:31:32+00:00","dateModified":"2011-05-15T14:22:57+00:00","mainEntityOfPage":{"@id":"https:\/\/danot.fr\/WordPress\/?p=1006"},"wordCount":34,"commentCount":1,"articleSection":["Divers"],"inLanguage":"fr-FR","potentialAction":[{"@type":"CommentAction","name":"Comment","target":["https:\/\/danot.fr\/WordPress\/?p=1006#respond"]}]},{"@type":"WebPage","@id":"https:\/\/danot.fr\/WordPress\/?p=1006","url":"https:\/\/danot.fr\/WordPress\/?p=1006","name":"Naissance de la petite Ana\u00e9 - Christine et Yannick","isPartOf":{"@id":"https:\/\/danot.fr\/WordPress\/#website"},"datePublished":"2011-05-11T09:31:32+00:00","dateModified":"2011-05-15T14:22:57+00:00","author":{"@id":"https:\/\/danot.fr\/WordPress\/#\/schema\/person\/77c3da84be7db401a07c18e7742a23d7"},"breadcrumb":{"@id":"https:\/\/danot.fr\/WordPress\/?p=1006#breadcrumb"},"inLanguage":"fr-FR","potentialAction":[{"@type":"ReadAction","target":["https:\/\/danot.fr\/WordPress\/?p=1006"]}]},{"@type":"BreadcrumbList","@id":"https:\/\/danot.fr\/WordPress\/?p=1006#breadcrumb","itemListElement":[{"@type":"ListItem","position":1,"name":"Accueil","item":"https:\/\/danot.fr\/WordPress"},{"@type":"ListItem","position":2,"name":"Naissance de la petite Ana\u00e9"}]},{"@type":"WebSite","@id":"https:\/\/danot.fr\/WordPress\/#website","url":"https:\/\/danot.fr\/WordPress\/","name":"Christine et Yannick","description":"Le mariage est une si jolie id\u00e9e que celle de vouloir faire le voyage \u00e0 deux !","potentialAction":[{"@type":"SearchAction","target":{"@type":"EntryPoint","urlTemplate":"https:\/\/danot.fr\/WordPress\/?s={search_term_string}"},"query-input":{"@type":"PropertyValueSpecification","valueRequired":true,"valueName":"search_term_string"}}],"inLanguage":"fr-FR"},{"@type":"Person","@id":"https:\/\/danot.fr\/WordPress\/#\/schema\/person\/77c3da84be7db401a07c18e7742a23d7","name":"admin","image":{"@type":"ImageObject","inLanguage":"fr-FR","@id":"https:\/\/secure.gravatar.com\/avatar\/74cde98f377897a694abf2f0a8625cc7f1c7b395145681727fa7171929d436c4?s=96&d=monsterid&r=g","url":"https:\/\/secure.gravatar.com\/avatar\/74cde98f377897a694abf2f0a8625cc7f1c7b395145681727fa7171929d436c4?s=96&d=monsterid&r=g","contentUrl":"https:\/\/secure.gravatar.com\/avatar\/74cde98f377897a694abf2f0a8625cc7f1c7b395145681727fa7171929d436c4?s=96&d=monsterid&r=g","caption":"admin"},"url":"https:\/\/danot.fr\/WordPress\/?author=1"}]}},"jetpack_featured_media_url":"","jetpack_sharing_enabled":true,"_links":{"self":[{"href":"https:\/\/danot.fr\/WordPress\/index.php?rest_route=\/wp\/v2\/posts\/1006","targetHints":{"allow":["GET"]}}],"collection":[{"href":"https:\/\/danot.fr\/WordPress\/index.php?rest_route=\/wp\/v2\/posts"}],"about":[{"href":"https:\/\/danot.fr\/WordPress\/index.php?rest_route=\/wp\/v2\/types\/post"}],"author":[{"embeddable":true,"href":"https:\/\/danot.fr\/WordPress\/index.php?rest_route=\/wp\/v2\/users\/1"}],"replies":[{"embeddable":true,"href":"https:\/\/danot.fr\/WordPress\/index.php?rest_route=%2Fwp%2Fv2%2Fcomments&post=1006"}],"version-history":[{"count":4,"href":"https:\/\/danot.fr\/WordPress\/index.php?rest_route=\/wp\/v2\/posts\/1006\/revisions"}],"predecessor-version":[{"id":1012,"href":"https:\/\/danot.fr\/WordPress\/index.php?rest_route=\/wp\/v2\/posts\/1006\/revisions\/1012"}],"wp:attachment":[{"href":"https:\/\/danot.fr\/WordPress\/index.php?rest_route=%2Fwp%2Fv2%2Fmedia&parent=1006"}],"wp:term":[{"taxonomy":"category","embeddable":true,"href":"https:\/\/danot.fr\/WordPress\/index.php?rest_route=%2Fwp%2Fv2%2Fcategories&post=1006"},{"taxonomy":"post_tag","embeddable":true,"href":"https:\/\/danot.fr\/WordPress\/index.php?rest_route=%2Fwp%2Fv2%2Ftags&post=1006"}],"curies":[{"name":"wp","href":"https:\/\/api.w.org\/{rel}","templated":true}]}}